{"translation-revision-date":"2024-01-03 16:21:21+0000","generator":"GlotPress\/4.0.0-alpha.11","domain":"messages","locale_data":{"messages":{"":{"domain":"messages","plural-forms":"nplurals=2; plural=n > 1;","lang":"tr"},"Default Image (Set Below)":["Varsay\u0131lan G\u00f6rsel (A\u015fa\u011f\u0131dan Ayarlay\u0131n)"],"Default Image Source (Set in Social Networks)":["Varsay\u0131lan G\u00f6rsel Kayna\u011f\u0131 (Ayar\u0131 Sosyal A\u011flarda)"],"Attached Image":["Ekli G\u00f6rsel"],"Custom Image":["\u00d6zel Resim"],"Post Author Image":["Yazar G\u00f6rselini Yay\u0131nla"],"Featured Image":["\u00d6ne \u00e7\u0131kan g\u00f6rsel"],"First Available Image":["Kullan\u0131labilir \u0130lk Resim"],"First Image in Content":["\u0130\u00e7erikteki \u0130lk G\u00f6rsel"],"Image from Custom Field":["\u00d6zel Alandan G\u00f6rsel"]}},"comment":{"reference":"dist\/Lite\/assets\/js\/Image.5ef810c9.js"}}